{"id":5003,"date":"2022-05-04T01:22:15","date_gmt":"2022-05-04T06:22:15","guid":{"rendered":"https:\/\/www.darloup.com\/blog\/?p=5003"},"modified":"2022-05-04T01:22:15","modified_gmt":"2022-05-04T06:22:15","slug":"le-fleau-de-linflation-en-colombie-2","status":"publish","type":"post","link":"https:\/\/www.darloup.com\/blog\/le-fleau-de-linflation-en-colombie-2\/","title":{"rendered":"Le fl\u00e9au de l\u2019inflation en Colombie (2)"},"content":{"rendered":"<p><span style=\"color: #000000;\">J\u2019ai d\u00e9j\u00e0 r\u00e9cemment \u00e9crit (<a href=\"https:\/\/www.darloup.com\/blog\/?p=4968\" target=\"_blank\" rel=\"noopener\">ici<\/a>) sur le fl\u00e9au actuel de l\u2019inflation en Colombie.<\/p>\n<p>Je me dois maintenant de vous donner d\u2019autres exemples concrets pour vous montrer\/d\u00e9montrer que la situation a vraiment empir\u00e9 en Colombie ces derni\u00e8res semaines.<\/span><\/p>\n<p><span style=\"color: #000000;\">Aujourd\u2019hui, je suis all\u00e9 \u00c0 SAO pour faire mon march\u00e9.<\/span><\/p>\n<p><span style=\"color: #000000;\">Pour mon petit-d\u00e9jeuner, j\u2019aime bien le caf\u00e9 NESCAF\u00c9 de la marque DOLCA. Il y a quelques mois, j\u2019avais achet\u00e9 un pot de 170 grammes au prix de $11.000. Aujourd\u2019hui, ce m\u00eame pot valait plus de $21.000.<\/span><\/p>\n<p><span style=\"color: #000000;\">Une livre de fromage hollandais gouda (la boule rouge) valait il y a quelques mois $14.000 (marque Ol\u00edmpica). Aujourd\u2019hui, le prix est de $24.000.<\/span><\/p>\n<p><span style=\"color: #000000;\">Je devais \u00e9galement acheter du d\u00e9tergent en poudre ARIEL. Il y a 2 mois, le prix pour un sac de 2 Kgs \u00e9tait de $14.500. Aujourd\u2019hui, le prix est de $24.000.<\/span><\/p>\n<p><span style=\"color: #000000;\">Ce ne sont que 3 exemples illustratifs pris totalement au hasard. Je pourrai vous donner des dizaines d\u2019autres exemples.<\/span><\/p>\n<p><span style=\"color: #000000;\">Je ne sais pas ce qui est en train de se passer en Colombie, mais la situation actuelle est vraiment tr\u00e8s s\u00e9rieuse.<\/span><\/p>\n<p><span style=\"color: #000000;\">Je connais beaucoup de personnes qui entrent dans ces super-march\u00e9s et en ressortent les mains vides car, tout simplement, elles ne peuvent pas se permettre de payer ces nouveaux prix \u00e9lev\u00e9s.<\/span><\/p>\n<p><span style=\"color: #000000;\">Je ne d\u00e9sire pas \u00eatre alarmiste, mais nous avons actuellement un tr\u00e8s s\u00e9rieux probl\u00e8me en Colombie.<\/span><\/p>\n<p><span style=\"color: #000000;\">J\u2019ignore comment il se r\u00e9soudra dans la pratique\u2026<\/span><\/p>\n","protected":false},"excerpt":{"rendered":"<p>J\u2019ai d\u00e9j\u00e0 r\u00e9cemment \u00e9crit (ici) sur le fl\u00e9au actuel de l\u2019inflation en Colombie. Je me dois maintenant de vous donner d\u2019autres exemples concrets pour vous montrer\/d\u00e9montrer que la situation a vraiment empir\u00e9 en Colombie ces derni\u00e8res semaines. Aujourd\u2019hui, je suis all\u00e9 \u00c0 SAO pour faire mon march\u00e9. Pour mon petit-d\u00e9jeuner, j\u2019aime bien le caf\u00e9 NESCAF\u00c9 &hellip; <a href=\"https:\/\/www.darloup.com\/blog\/le-fleau-de-linflation-en-colombie-2\/\" class=\"more-link\">Continuer la lecture<span class=\"screen-reader-text\"> de &laquo;&nbsp;Le fl\u00e9au de l\u2019inflation en Colombie (2)&nbsp;&raquo;<\/span><\/a><\/p>\n","protected":false},"author":1,"featured_media":0,"comment_status":"open","ping_status":"open","sticky":false,"template":"","format":"standard","meta":{"_monsterinsights_skip_tracking":false,"_monsterinsights_sitenote_active":false,"_monsterinsights_sitenote_note":"","_monsterinsights_sitenote_category":0,"_jetpack_memberships_contains_paid_content":false,"footnotes":"","jetpack_publicize_message":"","jetpack_publicize_feature_enabled":true,"jetpack_social_post_already_shared":true,"jetpack_social_options":{"image_generator_settings":{"template":"highway","default_image_id":0,"font":"","enabled":false},"version":2}},"categories":[11],"tags":[],"class_list":["post-5003","post","type-post","status-publish","format-standard","hentry","category-la-colombie"],"aioseo_notices":[],"jetpack_publicize_connections":[],"jetpack_featured_media_url":"","jetpack_shortlink":"https:\/\/wp.me\/pj2vv-1iH","jetpack_likes_enabled":true,"jetpack_sharing_enabled":true,"_links":{"self":[{"href":"https:\/\/www.darloup.com\/blog\/wp-json\/wp\/v2\/posts\/5003","targetHints":{"allow":["GET"]}}],"collection":[{"href":"https:\/\/www.darloup.com\/blog\/wp-json\/wp\/v2\/posts"}],"about":[{"href":"https:\/\/www.darloup.com\/blog\/wp-json\/wp\/v2\/types\/post"}],"author":[{"embeddable":true,"href":"https:\/\/www.darloup.com\/blog\/wp-json\/wp\/v2\/users\/1"}],"replies":[{"embeddable":true,"href":"https:\/\/www.darloup.com\/blog\/wp-json\/wp\/v2\/comments?post=5003"}],"version-history":[{"count":1,"href":"https:\/\/www.darloup.com\/blog\/wp-json\/wp\/v2\/posts\/5003\/revisions"}],"predecessor-version":[{"id":5004,"href":"https:\/\/www.darloup.com\/blog\/wp-json\/wp\/v2\/posts\/5003\/revisions\/5004"}],"wp:attachment":[{"href":"https:\/\/www.darloup.com\/blog\/wp-json\/wp\/v2\/media?parent=5003"}],"wp:term":[{"taxonomy":"category","embeddable":true,"href":"https:\/\/www.darloup.com\/blog\/wp-json\/wp\/v2\/categories?post=5003"},{"taxonomy":"post_tag","embeddable":true,"href":"https:\/\/www.darloup.com\/blog\/wp-json\/wp\/v2\/tags?post=5003"}],"curies":[{"name":"wp","href":"https:\/\/api.w.org\/{rel}","templated":true}]}}