{"id":5006,"date":"2022-05-25T23:54:17","date_gmt":"2022-05-26T04:54:17","guid":{"rendered":"https:\/\/www.darloup.com\/blog\/?p=5006"},"modified":"2022-05-26T00:26:29","modified_gmt":"2022-05-26T05:26:29","slug":"cataracte-en-colombie-2","status":"publish","type":"post","link":"https:\/\/www.darloup.com\/blog\/cataracte-en-colombie-2\/","title":{"rendered":"Cataracte en Colombie (2)"},"content":{"rendered":"<p><span style=\"color: #000000;\">J\u2019ai d\u00e9j\u00e0 publi\u00e9 un premier billet (<a title=\"Cataracte en Colombie\" href=\"https:\/\/www.darloup.com\/blog\/?p=4997\" target=\"_blank\" rel=\"noopener\">ici<\/a>) sur mon op\u00e9ration de la cataracte, op\u00e9ration qui a lieu en Colombie.<\/span><\/p>\n<p><span style=\"color: #000000;\">La date fatidique du lundi 23 mai est donc arriv\u00e9e\u2026 C\u2019\u00e9tait le jour o\u00f9 \u00e9tait programm\u00e9 la premi\u00e8re intervention sur mon \u0153il droit \u2013 \u00e0 17h40 exactement dans les locaux de <a title=\"FOCA\" href=\"https:\/\/foca.com.co\/\" target=\"_blank\" rel=\"noopener\">FOCA<\/a> \u00e0 Barranquilla.<\/span><\/p>\n<p><span style=\"color: #000000;\">Inutile de le pr\u00e9ciser, j\u2019ai tr\u00e8s peu dormi la nuit pr\u00e9c\u00e9dente et je me suis r\u00e9veill\u00e9 avec une diarrh\u00e9e carabin\u00e9e \u2013 une diarrh\u00e9e totalement psychosomatique engendr\u00e9e par ma terreur de cette intervention chirurgicale. J\u2019ai d\u00fb prendre de la Loperamida toute la journ\u00e9e pour essayer de l\u2019enrayer.<\/span><\/p>\n<p><span style=\"color: #000000;\">J\u2019ai esp\u00e9r\u00e9 en vain toute la journ\u00e9e qu\u2019un \u00ab\u00a0Acte de Dieu\u00a0\u00bb (tremblement de terre, tsunami, ouragan, etc.) interviendrait avant 17h40 et me permettrait donc de repousser l\u00e9gitimement cette intervention\u2026 Mais non\u2026<\/span><\/p>\n<p><span style=\"color: #000000;\">Il existe des peurs irraisonn\u00e9es qui, par d\u00e9finition, ne peuvent \u00eatre ni contr\u00f4l\u00e9es, ni ma\u00eetris\u00e9es, ni rationalis\u00e9es. Op\u00e9rer mes yeux tombait dans cette cat\u00e9gorie.<\/span><\/p>\n<p><span style=\"color: #000000;\">J\u2019\u00e9cris ce billet 2 jours apr\u00e8s mon op\u00e9ration, donc avec 48 heures de recul. <\/span><\/p>\n<p><strong><span style=\"color: #000000;\">Tout d\u2019abord, il me faut absolument louer le professionnalisme et l\u2019amabilit\u00e9 du personnel soignant. Ce ne sont pas des simples mots, mais des \u00e9loges plus que m\u00e9rit\u00e9s.<\/span><\/strong><\/p>\n<p><span style=\"color: #000000;\">Le personnel soignant colombien se rend parfaitement compte que la plupart des patients sont des gens plut\u00f4t \u00e2g\u00e9s qui sont terroris\u00e9s et compl\u00e8tement perdus, et ils font absolument tout pour les rassurer et les accompagner. Avec patience et compr\u00e9hension.<\/span><\/p>\n<p><span style=\"color: #000000;\">Mon chirurgien \u00e9tait un \u00ab jeunot \u00bb d\u2019une trentaine d\u2019ann\u00e9es (que j\u2019avais rencontr\u00e9 au pr\u00e9alable). Son expertise dans les op\u00e9rations de cataracte est ind\u00e9niable (il ne fait que \u00e7a &#8211; je m\u2019\u00e9tais renseign\u00e9). Je l\u2019imagine maintenant faire 2 ou 3 telles op\u00e9rations chaque matin avant d\u2019avoir pris son caf\u00e9 matinal\u2026<\/span><\/p>\n<p><span style=\"color: #000000;\">Comme on me l\u2019avait d\u2019ailleurs dit, l\u2019op\u00e9ration est totalement indolore avec une anesth\u00e9sie locale de l\u2019\u0153il op\u00e9r\u00e9. <strong>Je n\u2019ai absolument rien senti<\/strong>. Le chirurgien m\u2019informait en permanence de ce qu\u2019il \u00e9tait en train de faire.<\/span><\/p>\n<figure id=\"attachment_5007\" aria-describedby=\"caption-attachment-5007\" style=\"width: 903px\" class=\"wp-caption aligncenter\"><img loading=\"lazy\" decoding=\"async\" class=\"wp-image-5007 size-full\" title=\"Op\u00e9ration cataracte\" src=\"https:\/\/www.darloup.com\/blog\/wp-content\/uploads\/2022\/05\/cataracte02.jpg\" alt=\"Op\u00e9ration cataracte\" width=\"903\" height=\"517\" srcset=\"https:\/\/www.darloup.com\/blog\/wp-content\/uploads\/2022\/05\/cataracte02.jpg 903w, https:\/\/www.darloup.com\/blog\/wp-content\/uploads\/2022\/05\/cataracte02-300x172.jpg 300w, https:\/\/www.darloup.com\/blog\/wp-content\/uploads\/2022\/05\/cataracte02-768x440.jpg 768w\" sizes=\"auto, (max-width: 709px) 85vw, (max-width: 909px) 67vw, (max-width: 1362px) 62vw, 840px\" \/><figcaption id=\"caption-attachment-5007\" class=\"wp-caption-text\">Op\u00e9ration cataracte<\/figcaption><\/figure>\n<p>&nbsp;<\/p>\n<p><span style=\"color: #000000;\">Apr\u00e8s l\u2019op\u00e9ration, j\u2019ai pu sortir imm\u00e9diatement et rentrer chez moi.<\/span><\/p>\n<p><span style=\"color: #000000;\"><strong>Les soins postop\u00e9ratoires m\u00e9ritent \u00e9galement une m\u00e9daille d\u2019or de par leur qualit\u00e9 et leur professionnalisme<\/strong>\u00a0: <\/span><\/p>\n<p><span style=\"color: #000000;\">Trois m\u00e9dicaments (des gouttes oculaires) sont prescrits\u00a0&#8211; \u00e0 appliquer toutes les 6 heures :<\/span><\/p>\n<figure id=\"attachment_5008\" aria-describedby=\"caption-attachment-5008\" style=\"width: 600px\" class=\"wp-caption aligncenter\"><img loading=\"lazy\" decoding=\"async\" class=\"size-full wp-image-5008\" src=\"https:\/\/www.darloup.com\/blog\/wp-content\/uploads\/2022\/05\/cataracte04.webp\" alt=\"Gouttes\" width=\"600\" height=\"400\" srcset=\"https:\/\/www.darloup.com\/blog\/wp-content\/uploads\/2022\/05\/cataracte04.webp 600w, https:\/\/www.darloup.com\/blog\/wp-content\/uploads\/2022\/05\/cataracte04-300x200.webp 300w\" sizes=\"auto, (max-width: 709px) 85vw, (max-width: 909px) 67vw, (max-width: 984px) 61vw, (max-width: 1362px) 45vw, 600px\" \/><figcaption id=\"caption-attachment-5008\" class=\"wp-caption-text\">Gouttes<\/figcaption><\/figure>\n<p><span style=\"color: #000000;\">&#8211; des gouttes lubrifiantes<\/span><\/p>\n<p><span style=\"color: #000000;\">&#8211; des gouttes anti-inflammatoires<\/span><\/p>\n<p><span style=\"color: #000000;\">&#8211; des gouttes antibiotiques<\/span><\/p>\n<p><span style=\"color: #000000;\"><strong>Une premi\u00e8re visite de contr\u00f4le fut imm\u00e9diatement pr\u00e9vue le jour suivant<\/strong> (le mardi) afin d\u2019examiner les r\u00e9sultats imm\u00e9diats de l\u2019op\u00e9ration<\/span><\/p>\n<p><span style=\"color: #000000;\">Une seconde visite de contr\u00f4le a \u00e9t\u00e9 organis\u00e9e une semaine plus tard.<\/span><\/p>\n<p><span style=\"color: #000000;\">Une troisi\u00e8me (et derni\u00e8re) visite de contr\u00f4ler est pr\u00e9vue dans 4 semaines \u2013 date \u00e0 laquelle mon second \u0153il sera op\u00e9r\u00e9.<\/span><\/p>\n<p><span style=\"color: #000000;\">Je dois porter une coque protectrice sur mon \u0153il, mais uniquement lorsque je dors (afin de prot\u00e9ger mon \u0153il des mouvements intempestifs durant mon sommeil).<\/span><\/p>\n<figure id=\"attachment_5009\" aria-describedby=\"caption-attachment-5009\" style=\"width: 1300px\" class=\"wp-caption aligncenter\"><img loading=\"lazy\" decoding=\"async\" class=\"size-full wp-image-5009\" src=\"https:\/\/www.darloup.com\/blog\/wp-content\/uploads\/2022\/05\/cataracte03.jpg\" alt=\"Bouclier oculaire\" width=\"1300\" height=\"882\" srcset=\"https:\/\/www.darloup.com\/blog\/wp-content\/uploads\/2022\/05\/cataracte03.jpg 1300w, https:\/\/www.darloup.com\/blog\/wp-content\/uploads\/2022\/05\/cataracte03-300x204.jpg 300w, https:\/\/www.darloup.com\/blog\/wp-content\/uploads\/2022\/05\/cataracte03-1024x695.jpg 1024w, https:\/\/www.darloup.com\/blog\/wp-content\/uploads\/2022\/05\/cataracte03-768x521.jpg 768w, https:\/\/www.darloup.com\/blog\/wp-content\/uploads\/2022\/05\/cataracte03-1200x814.jpg 1200w\" sizes=\"auto, (max-width: 709px) 85vw, (max-width: 909px) 67vw, (max-width: 1362px) 62vw, 840px\" \/><figcaption id=\"caption-attachment-5009\" class=\"wp-caption-text\">Bouclier oculaire<\/figcaption><\/figure>\n<p><span style=\"color: #000000;\">J\u2019ai eu la permission de retirer cette coque protectrice le jour suivant (le mardi), et le r\u00e9sultat a \u00e9t\u00e9 tout simplement spectaculaire. Mon \u0153il droit (op\u00e9r\u00e9) me permet maintenant de voir nettement des objets \u00e0 distance\u00a0! Cela faisait des ann\u00e9es que je n\u2019avais pas pu avoir ce luxe\u00a0! M\u00eame avec des lunettes, je ne voyais \u00e0 distance que des objets flous et mal d\u00e9finis.<\/span><\/p>\n<p><span style=\"color: #000000;\">Hier, pour la premi\u00e8re fois, j\u2019ai pu regarder la t\u00e9l\u00e9vision depuis mon sofa (mon t\u00e9l\u00e9viseur se trouve \u00e0 un peu plus de 2 m\u00e8tres de mon sofa) sans lunettes ! Un vrai r\u00e9gal ! Pour la premi\u00e8re fois depuis de nombreuses ann\u00e9es, j\u2019ai pu profiter d\u2019images nettes et de qualit\u00e9 exceptionnelle.<\/span><\/p>\n<p><span style=\"color: #000000;\">Le prix \u00e0 \u00ab\u00a0payer\u00a0\u00bb, bien s\u00fbr, est que je vais devoir maintenant porter des lunettes pour voir de pr\u00e8s (lire, utiliser mon PC et regarder mon t\u00e9l\u00e9phone portable).<\/span><\/p>\n<p><span style=\"color: #000000;\">Je n\u2019ai pas choisi des lentilles\/implants multi focaux (qui \u00e9taient v\u00e9ritablement hors de prix pour mon budget), mais comme j\u2019ai n\u00e9anmoins pu choisir des lentilles\/implants mono focaux d\u2019excellente qualit\u00e9, je ne devrai porter des lunettes de lecture que pour toute distance inf\u00e9rieure \u00e0 40-50 centim\u00e8tres.<\/span><\/p>\n<p><span style=\"color: #000000;\">La cataracte est une v\u00e9ritable saloperie qui, h\u00e9las, nous affectera toutes et tous \u2013 \u00e0 moyen et \u00e0 long terme. Nous devrons tous y faire face \u2013 c\u2019est le prix \u00e0 payer pour vieillir.<\/span><\/p>\n<p><span style=\"color: #000000;\"><strong>On peut critiquer la Colombie pour beaucoup de choses, mais ses soins m\u00e9dicaux sont tout \u00e0 fait exceptionnels.<\/strong>\u00a0<\/span><\/p>\n<p><span style=\"color: #000000;\"><strong>Apr\u00e8s m\u2019avoir initialement sauv\u00e9 la vie (<a title=\"Comment les m\u00e9decins colombiens m'ont sauv\u00e8 la vie\" href=\"https:\/\/www.darloup.com\/blog\/?p=4808\" target=\"_blank\" rel=\"noopener\">ici<\/a>), les m\u00e9decins colombiens m\u2019ont maintenant sauv\u00e9 la vue.<\/strong><\/p>\n<p>Respect\u00a0!<\/span><\/p>\n","protected":false},"excerpt":{"rendered":"<p>J\u2019ai d\u00e9j\u00e0 publi\u00e9 un premier billet (ici) sur mon op\u00e9ration de la cataracte, op\u00e9ration qui a lieu en Colombie. La date fatidique du lundi 23 mai est donc arriv\u00e9e\u2026 C\u2019\u00e9tait le jour o\u00f9 \u00e9tait programm\u00e9 la premi\u00e8re intervention sur mon \u0153il droit \u2013 \u00e0 17h40 exactement dans les locaux de FOCA \u00e0 Barranquilla. Inutile de &hellip; <a href=\"https:\/\/www.darloup.com\/blog\/cataracte-en-colombie-2\/\" class=\"more-link\">Continuer la lecture<span class=\"screen-reader-text\"> de &laquo;&nbsp;Cataracte en Colombie (2)&nbsp;&raquo;<\/span><\/a><\/p>\n","protected":false},"author":1,"featured_media":0,"comment_status":"open","ping_status":"open","sticky":false,"template":"","format":"standard","meta":{"_monsterinsights_skip_tracking":false,"_monsterinsights_sitenote_active":false,"_monsterinsights_sitenote_note":"","_monsterinsights_sitenote_category":0,"_jetpack_memberships_contains_paid_content":false,"footnotes":"","jetpack_publicize_message":"","jetpack_publicize_feature_enabled":true,"jetpack_social_post_already_shared":true,"jetpack_social_options":{"image_generator_settings":{"template":"highway","default_image_id":0,"font":"","enabled":false},"version":2}},"categories":[11],"tags":[],"class_list":["post-5006","post","type-post","status-publish","format-standard","hentry","category-la-colombie"],"aioseo_notices":[],"jetpack_publicize_connections":[],"jetpack_featured_media_url":"","jetpack_shortlink":"https:\/\/wp.me\/pj2vv-1iK","jetpack_likes_enabled":true,"jetpack_sharing_enabled":true,"_links":{"self":[{"href":"https:\/\/www.darloup.com\/blog\/wp-json\/wp\/v2\/posts\/5006","targetHints":{"allow":["GET"]}}],"collection":[{"href":"https:\/\/www.darloup.com\/blog\/wp-json\/wp\/v2\/posts"}],"about":[{"href":"https:\/\/www.darloup.com\/blog\/wp-json\/wp\/v2\/types\/post"}],"author":[{"embeddable":true,"href":"https:\/\/www.darloup.com\/blog\/wp-json\/wp\/v2\/users\/1"}],"replies":[{"embeddable":true,"href":"https:\/\/www.darloup.com\/blog\/wp-json\/wp\/v2\/comments?post=5006"}],"version-history":[{"count":3,"href":"https:\/\/www.darloup.com\/blog\/wp-json\/wp\/v2\/posts\/5006\/revisions"}],"predecessor-version":[{"id":5011,"href":"https:\/\/www.darloup.com\/blog\/wp-json\/wp\/v2\/posts\/5006\/revisions\/5011"}],"wp:attachment":[{"href":"https:\/\/www.darloup.com\/blog\/wp-json\/wp\/v2\/media?parent=5006"}],"wp:term":[{"taxonomy":"category","embeddable":true,"href":"https:\/\/www.darloup.com\/blog\/wp-json\/wp\/v2\/categories?post=5006"},{"taxonomy":"post_tag","embeddable":true,"href":"https:\/\/www.darloup.com\/blog\/wp-json\/wp\/v2\/tags?post=5006"}],"curies":[{"name":"wp","href":"https:\/\/api.w.org\/{rel}","templated":true}]}}